{"id":6329,"date":"2026-09-03T14:45:27","date_gmt":"2026-09-03T14:45:27","guid":{"rendered":"https:\/\/coproyma.com\/?p=6329"},"modified":"2026-09-03T14:46:59","modified_gmt":"2026-09-03T14:46:59","slug":"reforma-de-reglamento-relativo-a-envases","status":"publish","type":"post","link":"https:\/\/coproyma.com\/en\/reforma-de-reglamento-relativo-a-envases\/","title":{"rendered":"C\u00f3mo adaptarse a la reforma del reglamento (UE) 2025\/40 relativo a los envases y residuos"},"content":{"rendered":"<div data-elementor-type=\"wp-post\" data-elementor-id=\"6329\" class=\"elementor elementor-6329\">\n\t\t\t\t<div class=\"elementor-element elementor-element-ab2c960 e-flex e-con-boxed e-con e-parent\" data-id=\"ab2c960\" data-element_type=\"container\" data-e-type=\"container\">\r\n\t\t\t\t\t<div class=\"e-con-inner\">\r\n\t\t\t\t<div class=\"elementor-element elementor-element-5dcf6ef elementor-widget elementor-widget-text-editor\" data-id=\"5dcf6ef\" data-element_type=\"widget\" data-e-type=\"widget\" data-widget_type=\"text-editor.default\">\n\t\t\t\t<div class=\"elementor-widget-container\">\n\t\t\t\t\t\t\t\t\t<p>Con septiembre reci\u00e9n empezado, comienza una nueva actualizaci\u00f3n de normativa ambiental y es importante saber c\u00f3mo adaptarse a la reforma del reglamento (UE) 2025\/40, relativo a los envases y sus residuos. Por eso, desde <a href=\"https:\/\/coproyma.com\/en\/\">Coproyma<\/a>, queremos que tu empresa est\u00e9 al d\u00eda.<\/p><p>En este caso, el <a href=\"https:\/\/www.boe.es\/buscar\/doc.php?id=DOUE-L-2025-80087\">Reglamento (UE) 2025\/40<\/a>, relativo a los envases y residuos de envases (PPWR), comenz\u00f3 a aplicarse con car\u00e1cter general el pasado\u00a012 de agosto. Esta normativa afecta a todas aquellas empresas que fabrican, importan, distribuyen o comercializan envases o productos envasados en la Uni\u00f3n Europea. Por eso si tu empresa forma parte de estas, es momento de saber qu\u00e9 hacer.<\/p><h3><strong>\u00bfAfecta a tu empresa?<\/strong><\/h3><p>El PPWR se aplica a los envases y residuos de envases, con independencia del material utilizado y del sector en el que se empleen. En la pr\u00e1ctica, esta normativa puede afectar a empresas que <strong>fabrican<\/strong> envases, fabrican o <strong>comercializan<\/strong> productos envasados, <strong>importan<\/strong> o <strong>distribuyen<\/strong> productos envasados, comercializan productos bajo su propia marca, <strong>desembalan<\/strong> productos sin ser el usuario final, utilizan determinados envases de <strong>transporte<\/strong> o de servicio, o comercializan productos mediante comercio electr\u00f3nico o venta a distancia.<\/p><ul><li>Si tu empresa <strong>ya cumpl\u00eda<\/strong> el <a href=\"https:\/\/www.boe.es\/buscar\/act.php?id=BOE-A-2022-22690\">RD 1055\/2022<\/a>, el PPWR supone principalmente una\u00a0revisi\u00f3n y ampliaci\u00f3n de su sistema de cumplimiento. Parte de la estructura existente seguir\u00e1 siendo v\u00e1lida, pero deber\u00e1 comprobarse frente a las nuevas definiciones, obligaciones y requisitos t\u00e9cnicos.<\/li><li>Para una empresa que <strong>no cumpl\u00eda<\/strong> el RD 1055\/2022, el PPWR supone una obligaci\u00f3n de\u00a0ponerse al d\u00eda con el marco existente y, al mismo tiempo, adaptarse a las nuevas exigencias europeas.<\/li><\/ul><p>En ambos casos, el primer paso deber\u00eda ser el mismo:\u00a0identificar exactamente qu\u00e9 obligaciones corresponden a la empresa y separar las que ya son exigibles de aquellas que tienen una aplicaci\u00f3n futura.<\/p><h3><strong>\u00a1Si ya lo cumpl\u00edas, Coproyma te ayuda!<\/strong><\/h3><p>El objetivo no es volver a hacer todo el trabajo realizado con el RD 1055\/2022, sino <strong>revisar la situaci\u00f3n actual de la empresa y compararla con las nuevas exigencias del PPWR<\/strong>. Para ello, ser\u00e1 necesario comprobar diferentes aspectos y determinar qu\u00e9 cambios deben realizarse:<\/p><ul><li><strong>Confirmar si la empresa mantiene la condici\u00f3n de \u201cproductor\u201d<\/strong>. Para ello, se deber\u00e1 revisar la nueva definici\u00f3n establecida por el PPWR y comprobar si la empresa sigue siendo considerada productor, deja de serlo o adquiere ahora esta condici\u00f3n.<\/li><li>Revisar<strong> el registro y las obligaciones relacionadas con la responsabilidad ampliada del productor<\/strong>. En concreto, habr\u00e1 que comprobar que la inscripci\u00f3n en el Registro de Productores de Producto (RPP) es correcta y que la informaci\u00f3n relativa a los sistemas de responsabilidad ampliada est\u00e1 actualizada.<\/li><li><strong>Revisar los diferentes tipos de envases que utiliza la empresa<\/strong>. Realizando un inventario de los principales formatos y analizando cada uno de ellos teniendo en cuenta aspectos como el material utilizado, su peso y composici\u00f3n, el contenido reciclado, sus posibilidades de reciclabilidad y reutilizaci\u00f3n, la posible existencia de elementos que puedan generar sobreenvasado y las sustancias o componentes que puedan estar sujetos a restricciones.<\/li><li>Comprobar<strong> cada envase con el calendario de aplicaci\u00f3n del PPWR<\/strong>. No todos los requisitos deben cumplirse desde la entrada en aplicaci\u00f3n general del Reglamento, por lo que habr\u00e1 que analizar cada caso de forma individual y determinar qu\u00e9 obligaciones afectan a la empresa y en qu\u00e9 fecha deber\u00e1n cumplirse.<\/li><li>Revisar<strong> la informaci\u00f3n proporcionada por los proveedores<\/strong>. El PPWR implica que las empresas deber\u00e1n disponer progresivamente de informaci\u00f3n m\u00e1s detallada sobre los envases que utilizan. Por ello, conviene revisar los contratos y las especificaciones t\u00e9cnicas de los proveedores y establecer qu\u00e9 informaci\u00f3n deben facilitar sobre aspectos como los materiales, la composici\u00f3n, el contenido reciclado y las caracter\u00edsticas de cada envase.<\/li><\/ul><h3>\u00bfY si todav\u00eda no lo cumples?<\/h3><p>El MITECO ha confirmado que el RD 1055\/2022 y el PPWR pueden resultar aplicables de forma simult\u00e1nea mientras se completa la adaptaci\u00f3n de la normativa espa\u00f1ola. En caso de que exista alguna contradicci\u00f3n entre ambas normas, prevalecer\u00e1 el Reglamento europeo, mientras que el RD 1055\/2022 continuar\u00e1 aplic\u00e1ndose en aquellos aspectos que no est\u00e9n regulados por el PPWR o que no resulten incompatibles con \u00e9l.<\/p><p>Por ello, las empresas que todav\u00eda no se hayan adaptado al RD 1055\/2022 deber\u00e1n realizar una <a href=\"https:\/\/coproyma.com\/en\/cumples-las-obligaciones-sobre-puesta-en-el-mercado-de-envases\/\"><strong>puesta al d\u00eda completa<\/strong><\/a>, empezando por identificar si tienen la condici\u00f3n de productor, qu\u00e9 tipos de envases ponen en el mercado y cu\u00e1les son sus obligaciones de registro y de responsabilidad ampliada. Adem\u00e1s, deber\u00e1n determinar qu\u00e9 informaci\u00f3n tienen que <strong>recopilar, qu\u00e9 requisitos<\/strong> del PPWR les afectan desde ahora y qu\u00e9 cambios tendr\u00e1n que realizar en sus envases para adaptarse a las nuevas exigencias previstas para los pr\u00f3ximos a\u00f1os.<\/p>\t\t\t\t\t\t\t\t<\/div>\n\t\t\t\t<\/div>\n\t\t\t\t<div class=\"elementor-element elementor-element-7c59e1a elementor-widget elementor-widget-image\" data-id=\"7c59e1a\" data-element_type=\"widget\" data-e-type=\"widget\" data-widget_type=\"image.default\">\n\t\t\t\t<div class=\"elementor-widget-container\">\n\t\t\t\t\t\t\t\t\t\t\t\t\t\t\t<img fetchpriority=\"high\" decoding=\"async\" width=\"1024\" height=\"561\" src=\"https:\/\/coproyma.com\/wp-content\/uploads\/2026\/09\/envases-y-residuos-Coproyma-1024x561.jpg\" class=\"attachment-large size-large wp-image-6331\" alt=\"Envases y residuos Coproyma\" srcset=\"https:\/\/coproyma.com\/wp-content\/uploads\/2026\/09\/envases-y-residuos-Coproyma-1024x561.jpg 1024w, https:\/\/coproyma.com\/wp-content\/uploads\/2026\/09\/envases-y-residuos-Coproyma-768x421.jpg 768w, https:\/\/coproyma.com\/wp-content\/uploads\/2026\/09\/envases-y-residuos-Coproyma-640x351.jpg 640w, https:\/\/coproyma.com\/wp-content\/uploads\/2026\/09\/envases-y-residuos-Coproyma-400x219.jpg 400w, https:\/\/coproyma.com\/wp-content\/uploads\/2026\/09\/envases-y-residuos-Coproyma-367x201.jpg 367w\" sizes=\"(max-width: 1024px) 100vw, 1024px\" \/>\t\t\t\t\t\t\t\t\t\t\t\t\t\t\t<\/div>\n\t\t\t\t<\/div>\n\t\t\t\t<div class=\"elementor-element elementor-element-adb6473 elementor-widget elementor-widget-text-editor\" data-id=\"adb6473\" data-element_type=\"widget\" data-e-type=\"widget\" data-widget_type=\"text-editor.default\">\n\t\t\t\t<div class=\"elementor-widget-container\">\n\t\t\t\t\t\t\t\t\t<h3><strong>\u00bfQu\u00e9 obligaciones deber\u00e1 seguir cualquier empresa?<\/strong><\/h3><p>Aunque este reglamento se instaur\u00f3 el 12 de agosto, <strong>algunas<\/strong> de las reformas se podr\u00e1n ir <strong>incorporando<\/strong> de forma <strong>progresiva<\/strong>, aunque es cierto, que algunas otras, ya debieron incorporarse desde el inicio de su salida:<\/p><ul><li>Desde el <strong>12 de agosto de 2026<\/strong>, se aplican, entre otras cuestiones, las restricciones de <strong>PFAS<\/strong> en envases destinados al contacto alimentario, el <strong>requisito general<\/strong> de que los envases sean reciclables, la <strong>evaluaci\u00f3n y documentaci\u00f3n<\/strong> de conformidad de los requisitos que resulten aplicables y determinadas obligaciones relacionadas con la <strong>identificaci\u00f3n y trazabilidad<\/strong> de proveedores y clientes.<br \/><br \/><\/li><li>A partir del <strong>12 de agosto de 2028<\/strong>, o en una fecha posterior en funci\u00f3n del correspondiente acto de ejecuci\u00f3n, est\u00e1 previsto el etiquetado armonizado para la clasificaci\u00f3n de residuos. Posteriormente, <strong>desde 2030<\/strong>, comenzar\u00e1n a aplicarse diferentes requisitos relacionados con la <strong>reducci\u00f3n<\/strong> y <strong>minimizaci\u00f3n<\/strong> de los envases, los <strong>objetivos<\/strong> generales de reutilizaci\u00f3n y las <strong>restricciones<\/strong> de determinados formatos de envases de un solo uso. Tambi\u00e9n se establecer\u00e1n requisitos de contenido m\u00ednimo de pl\u00e1stico reciclado <strong>desde 2030 o 2035,<\/strong> dependiendo del tipo de envase, as\u00ed como criterios armonizados de dise\u00f1o para el reciclado en 2030 o en el plazo posterior previsto por el Reglamento. Por \u00faltimo, el <strong>reciclado a gran escala<\/strong> est\u00e1 previsto para 2035.<\/li><\/ul><p>Por todo ello, conocer los plazos es fundamental para que cada empresa pueda anticiparse a las obligaciones que le correspondan y realizar los cambios necesarios de forma progresiva.<\/p><p>Desde COPROYMA, nuestros profesionales pueden ofrecer asesoramiento individualizado y ayudar a tu empresa a revisar y cumplir tanto las obligaciones del RD 1055\/2022 como las nuevas exigencias del PPWR, teniendo en cuenta los diferentes requisitos y fechas de aplicaci\u00f3n.<\/p>\t\t\t\t\t\t\t\t<\/div>\n\t\t\t\t<\/div>\n\t\t\t\t\t<\/div>\n\t\t\t\t<\/div>\n\t\t\t\t<\/div>","protected":false},"excerpt":{"rendered":"<p>Con septiembre reci\u00e9n empezado, comienza una nueva actualizaci\u00f3n de normativa ambiental y es importante saber c\u00f3mo adaptarse a la reforma del reglamento (UE) 2025\/40, relativo a los envases y sus residuos. Por eso, desde Coproyma, queremos que tu empresa est\u00e9 al d\u00eda. En este caso, el Reglamento (UE) 2025\/40, relativo a los envases y residuos [&hellip;]<\/p>\n","protected":false},"author":2,"featured_media":6336,"comment_status":"closed","ping_status":"closed","sticky":false,"template":"","format":"standard","meta":{"_acf_changed":false,"footnotes":""},"categories":[39,38],"tags":[47,51,63,45],"class_list":["post-6329","post","type-post","status-publish","format-standard","has-post-thumbnail","hentry","category-coproyma","category-medioambiente","tag-coproyma","tag-envases","tag-reglamentacion","tag-residuos"],"acf":[],"featured_image_src":{"landsacpe":["https:\/\/coproyma.com\/wp-content\/uploads\/2026\/09\/Reglamentacion-envases-y-residuos-Coproyma-1140x445.jpg",1140,445,true],"list":["https:\/\/coproyma.com\/wp-content\/uploads\/2026\/09\/Reglamentacion-envases-y-residuos-Coproyma-463x348.jpg",463,348,true],"medium":["https:\/\/coproyma.com\/wp-content\/uploads\/2026\/09\/Reglamentacion-envases-y-residuos-Coproyma-300x200.jpg",300,200,true],"full":["https:\/\/coproyma.com\/wp-content\/uploads\/2026\/09\/Reglamentacion-envases-y-residuos-Coproyma.jpg",1620,1080,false]},"yoast_head":"<!-- This site is optimized with the Yoast SEO plugin v28.2 - https:\/\/yoast.com\/product\/yoast-seo-wordpress\/ -->\n<title>Adaptaci\u00f3n a la reforma del reglamento de envases y residuos - Coproyma<\/title>\n<meta name=\"description\" content=\"Descubre c\u00f3mo tu empresa debe adaptarse a la reforma del reglamento (UE) 2025\/40 relativo a los envases y residuos.\" \/>\n<meta name=\"robots\" content=\"index, follow, max-snippet:-1, max-image-preview:large, max-video-preview:-1\" \/>\n<link rel=\"canonical\" href=\"https:\/\/coproyma.com\/en\/reforma-de-reglamento-relativo-a-envases\/\" \/>\n<meta property=\"og:locale\" content=\"en_US\" \/>\n<meta property=\"og:type\" content=\"article\" \/>\n<meta property=\"og:title\" content=\"Adaptaci\u00f3n a la reforma del reglamento de envases y residuos - Coproyma\" \/>\n<meta property=\"og:description\" content=\"Descubre c\u00f3mo tu empresa debe adaptarse a la reforma del reglamento (UE) 2025\/40 relativo a los envases y residuos.\" \/>\n<meta property=\"og:url\" content=\"https:\/\/coproyma.com\/en\/reforma-de-reglamento-relativo-a-envases\/\" \/>\n<meta property=\"og:site_name\" content=\"Coproyma\" \/>\n<meta property=\"article:publisher\" content=\"https:\/\/www.facebook.com\/Coproyma\" \/>\n<meta property=\"article:published_time\" content=\"2026-09-03T14:45:27+00:00\" \/>\n<meta property=\"article:modified_time\" content=\"2026-09-03T14:46:59+00:00\" \/>\n<meta property=\"og:image\" content=\"https:\/\/coproyma.com\/wp-content\/uploads\/2026\/09\/Reglamentacion-envases-y-residuos-Coproyma.jpg\" \/>\n\t<meta property=\"og:image:width\" content=\"1620\" \/>\n\t<meta property=\"og:image:height\" content=\"1080\" \/>\n\t<meta property=\"og:image:type\" content=\"image\/jpeg\" \/>\n<meta name=\"author\" content=\"Coproyma\" \/>\n<meta name=\"twitter:card\" content=\"summary_large_image\" \/>\n<meta name=\"twitter:label1\" content=\"Written by\" \/>\n\t<meta name=\"twitter:data1\" content=\"Coproyma\" \/>\n\t<meta name=\"twitter:label2\" content=\"Est. reading time\" \/>\n\t<meta name=\"twitter:data2\" content=\"6 minutes\" \/>\n<script type=\"application\/ld+json\" class=\"yoast-schema-graph\">{\"@context\":\"https:\\\/\\\/schema.org\",\"@graph\":[{\"@type\":\"Article\",\"@id\":\"https:\\\/\\\/coproyma.com\\\/reforma-de-reglamento-relativo-a-envases\\\/#article\",\"isPartOf\":{\"@id\":\"https:\\\/\\\/coproyma.com\\\/reforma-de-reglamento-relativo-a-envases\\\/\"},\"author\":{\"name\":\"Coproyma\",\"@id\":\"https:\\\/\\\/coproyma.com\\\/#\\\/schema\\\/person\\\/05d9b7ff3d1b24a3d942b31821e20ba7\"},\"headline\":\"C\u00f3mo adaptarse a la reforma del reglamento (UE) 2025\\\/40 relativo a los envases y residuos\",\"datePublished\":\"2026-09-03T14:45:27+00:00\",\"dateModified\":\"2026-09-03T14:46:59+00:00\",\"mainEntityOfPage\":{\"@id\":\"https:\\\/\\\/coproyma.com\\\/reforma-de-reglamento-relativo-a-envases\\\/\"},\"wordCount\":1097,\"publisher\":{\"@id\":\"https:\\\/\\\/coproyma.com\\\/#organization\"},\"image\":{\"@id\":\"https:\\\/\\\/coproyma.com\\\/reforma-de-reglamento-relativo-a-envases\\\/#primaryimage\"},\"thumbnailUrl\":\"https:\\\/\\\/coproyma.com\\\/wp-content\\\/uploads\\\/2026\\\/09\\\/Reglamentacion-envases-y-residuos-Coproyma.jpg\",\"keywords\":[\"coproyma\",\"envases\",\"reglamentaci\u00f3n\",\"residuos\"],\"articleSection\":[\"Coproyma\",\"Medioambiente\"],\"inLanguage\":\"en-US\"},{\"@type\":\"WebPage\",\"@id\":\"https:\\\/\\\/coproyma.com\\\/reforma-de-reglamento-relativo-a-envases\\\/\",\"url\":\"https:\\\/\\\/coproyma.com\\\/reforma-de-reglamento-relativo-a-envases\\\/\",\"name\":\"Adaptaci\u00f3n a la reforma del reglamento de envases y residuos - Coproyma\",\"isPartOf\":{\"@id\":\"https:\\\/\\\/coproyma.com\\\/#website\"},\"primaryImageOfPage\":{\"@id\":\"https:\\\/\\\/coproyma.com\\\/reforma-de-reglamento-relativo-a-envases\\\/#primaryimage\"},\"image\":{\"@id\":\"https:\\\/\\\/coproyma.com\\\/reforma-de-reglamento-relativo-a-envases\\\/#primaryimage\"},\"thumbnailUrl\":\"https:\\\/\\\/coproyma.com\\\/wp-content\\\/uploads\\\/2026\\\/09\\\/Reglamentacion-envases-y-residuos-Coproyma.jpg\",\"datePublished\":\"2026-09-03T14:45:27+00:00\",\"dateModified\":\"2026-09-03T14:46:59+00:00\",\"description\":\"Descubre c\u00f3mo tu empresa debe adaptarse a la reforma del reglamento (UE) 2025\\\/40 relativo a los envases y residuos.\",\"breadcrumb\":{\"@id\":\"https:\\\/\\\/coproyma.com\\\/reforma-de-reglamento-relativo-a-envases\\\/#breadcrumb\"},\"inLanguage\":\"en-US\",\"potentialAction\":[{\"@type\":\"ReadAction\",\"target\":[\"https:\\\/\\\/coproyma.com\\\/reforma-de-reglamento-relativo-a-envases\\\/\"]}]},{\"@type\":\"ImageObject\",\"inLanguage\":\"en-US\",\"@id\":\"https:\\\/\\\/coproyma.com\\\/reforma-de-reglamento-relativo-a-envases\\\/#primaryimage\",\"url\":\"https:\\\/\\\/coproyma.com\\\/wp-content\\\/uploads\\\/2026\\\/09\\\/Reglamentacion-envases-y-residuos-Coproyma.jpg\",\"contentUrl\":\"https:\\\/\\\/coproyma.com\\\/wp-content\\\/uploads\\\/2026\\\/09\\\/Reglamentacion-envases-y-residuos-Coproyma.jpg\",\"width\":1620,\"height\":1080,\"caption\":\"Reforma del reglamento relativo a envases y residuos Coproyma\"},{\"@type\":\"BreadcrumbList\",\"@id\":\"https:\\\/\\\/coproyma.com\\\/reforma-de-reglamento-relativo-a-envases\\\/#breadcrumb\",\"itemListElement\":[{\"@type\":\"ListItem\",\"position\":1,\"name\":\"Portada\",\"item\":\"https:\\\/\\\/coproyma.com\\\/\"},{\"@type\":\"ListItem\",\"position\":2,\"name\":\"C\u00f3mo adaptarse a la reforma del reglamento (UE) 2025\\\/40 relativo a los envases y residuos\"}]},{\"@type\":\"WebSite\",\"@id\":\"https:\\\/\\\/coproyma.com\\\/#website\",\"url\":\"https:\\\/\\\/coproyma.com\\\/\",\"name\":\"Coproyma\",\"description\":\"Consultor\u00eda, Proyectos y Medio Ambiente\",\"publisher\":{\"@id\":\"https:\\\/\\\/coproyma.com\\\/#organization\"},\"potentialAction\":[{\"@type\":\"SearchAction\",\"target\":{\"@type\":\"EntryPoint\",\"urlTemplate\":\"https:\\\/\\\/coproyma.com\\\/?s={search_term_string}\"},\"query-input\":{\"@type\":\"PropertyValueSpecification\",\"valueRequired\":true,\"valueName\":\"search_term_string\"}}],\"inLanguage\":\"en-US\"},{\"@type\":\"Organization\",\"@id\":\"https:\\\/\\\/coproyma.com\\\/#organization\",\"name\":\"Coproyma\",\"url\":\"https:\\\/\\\/coproyma.com\\\/\",\"logo\":{\"@type\":\"ImageObject\",\"inLanguage\":\"en-US\",\"@id\":\"https:\\\/\\\/coproyma.com\\\/#\\\/schema\\\/logo\\\/image\\\/\",\"url\":\"https:\\\/\\\/coproyma.com\\\/wp-content\\\/uploads\\\/2023\\\/10\\\/Logo-coproyma-2018.png\",\"contentUrl\":\"https:\\\/\\\/coproyma.com\\\/wp-content\\\/uploads\\\/2023\\\/10\\\/Logo-coproyma-2018.png\",\"width\":842,\"height\":595,\"caption\":\"Coproyma\"},\"image\":{\"@id\":\"https:\\\/\\\/coproyma.com\\\/#\\\/schema\\\/logo\\\/image\\\/\"},\"sameAs\":[\"https:\\\/\\\/www.facebook.com\\\/Coproyma\",\"https:\\\/\\\/www.linkedin.com\\\/company\\\/coproyma\\\/\",\"https:\\\/\\\/www.instagram.com\\\/coproyma\\\/\"]},{\"@type\":\"Person\",\"@id\":\"https:\\\/\\\/coproyma.com\\\/#\\\/schema\\\/person\\\/05d9b7ff3d1b24a3d942b31821e20ba7\",\"name\":\"Coproyma\",\"image\":{\"@type\":\"ImageObject\",\"inLanguage\":\"en-US\",\"@id\":\"https:\\\/\\\/secure.gravatar.com\\\/avatar\\\/4b521f63a0581f146c2694c9244f85fc48367c29b2ec1404af68dd88b5fffae5?s=96&d=mm&r=g\",\"url\":\"https:\\\/\\\/secure.gravatar.com\\\/avatar\\\/4b521f63a0581f146c2694c9244f85fc48367c29b2ec1404af68dd88b5fffae5?s=96&d=mm&r=g\",\"contentUrl\":\"https:\\\/\\\/secure.gravatar.com\\\/avatar\\\/4b521f63a0581f146c2694c9244f85fc48367c29b2ec1404af68dd88b5fffae5?s=96&d=mm&r=g\",\"caption\":\"Coproyma\"},\"url\":\"https:\\\/\\\/coproyma.com\\\/en\\\/author\\\/coproyma\\\/\"}]}<\/script>\n<!-- \/ Yoast SEO plugin. -->","yoast_head_json":{"title":"Adaptaci\u00f3n a la reforma del reglamento de envases y residuos - Coproyma","description":"Descubre c\u00f3mo tu empresa debe adaptarse a la reforma del reglamento (UE) 2025\/40 relativo a los envases y residuos.","robots":{"index":"index","follow":"follow","max-snippet":"max-snippet:-1","max-image-preview":"max-image-preview:large","max-video-preview":"max-video-preview:-1"},"canonical":"https:\/\/coproyma.com\/en\/reforma-de-reglamento-relativo-a-envases\/","og_locale":"en_US","og_type":"article","og_title":"Adaptaci\u00f3n a la reforma del reglamento de envases y residuos - Coproyma","og_description":"Descubre c\u00f3mo tu empresa debe adaptarse a la reforma del reglamento (UE) 2025\/40 relativo a los envases y residuos.","og_url":"https:\/\/coproyma.com\/en\/reforma-de-reglamento-relativo-a-envases\/","og_site_name":"Coproyma","article_publisher":"https:\/\/www.facebook.com\/Coproyma","article_published_time":"2026-09-03T14:45:27+00:00","article_modified_time":"2026-09-03T14:46:59+00:00","og_image":[{"width":1620,"height":1080,"url":"https:\/\/coproyma.com\/wp-content\/uploads\/2026\/09\/Reglamentacion-envases-y-residuos-Coproyma.jpg","type":"image\/jpeg"}],"author":"Coproyma","twitter_card":"summary_large_image","twitter_misc":{"Written by":"Coproyma","Est. reading time":"6 minutes"},"schema":{"@context":"https:\/\/schema.org","@graph":[{"@type":"Article","@id":"https:\/\/coproyma.com\/reforma-de-reglamento-relativo-a-envases\/#article","isPartOf":{"@id":"https:\/\/coproyma.com\/reforma-de-reglamento-relativo-a-envases\/"},"author":{"name":"Coproyma","@id":"https:\/\/coproyma.com\/#\/schema\/person\/05d9b7ff3d1b24a3d942b31821e20ba7"},"headline":"C\u00f3mo adaptarse a la reforma del reglamento (UE) 2025\/40 relativo a los envases y residuos","datePublished":"2026-09-03T14:45:27+00:00","dateModified":"2026-09-03T14:46:59+00:00","mainEntityOfPage":{"@id":"https:\/\/coproyma.com\/reforma-de-reglamento-relativo-a-envases\/"},"wordCount":1097,"publisher":{"@id":"https:\/\/coproyma.com\/#organization"},"image":{"@id":"https:\/\/coproyma.com\/reforma-de-reglamento-relativo-a-envases\/#primaryimage"},"thumbnailUrl":"https:\/\/coproyma.com\/wp-content\/uploads\/2026\/09\/Reglamentacion-envases-y-residuos-Coproyma.jpg","keywords":["coproyma","envases","reglamentaci\u00f3n","residuos"],"articleSection":["Coproyma","Medioambiente"],"inLanguage":"en-US"},{"@type":"WebPage","@id":"https:\/\/coproyma.com\/reforma-de-reglamento-relativo-a-envases\/","url":"https:\/\/coproyma.com\/reforma-de-reglamento-relativo-a-envases\/","name":"Adaptaci\u00f3n a la reforma del reglamento de envases y residuos - Coproyma","isPartOf":{"@id":"https:\/\/coproyma.com\/#website"},"primaryImageOfPage":{"@id":"https:\/\/coproyma.com\/reforma-de-reglamento-relativo-a-envases\/#primaryimage"},"image":{"@id":"https:\/\/coproyma.com\/reforma-de-reglamento-relativo-a-envases\/#primaryimage"},"thumbnailUrl":"https:\/\/coproyma.com\/wp-content\/uploads\/2026\/09\/Reglamentacion-envases-y-residuos-Coproyma.jpg","datePublished":"2026-09-03T14:45:27+00:00","dateModified":"2026-09-03T14:46:59+00:00","description":"Descubre c\u00f3mo tu empresa debe adaptarse a la reforma del reglamento (UE) 2025\/40 relativo a los envases y residuos.","breadcrumb":{"@id":"https:\/\/coproyma.com\/reforma-de-reglamento-relativo-a-envases\/#breadcrumb"},"inLanguage":"en-US","potentialAction":[{"@type":"ReadAction","target":["https:\/\/coproyma.com\/reforma-de-reglamento-relativo-a-envases\/"]}]},{"@type":"ImageObject","inLanguage":"en-US","@id":"https:\/\/coproyma.com\/reforma-de-reglamento-relativo-a-envases\/#primaryimage","url":"https:\/\/coproyma.com\/wp-content\/uploads\/2026\/09\/Reglamentacion-envases-y-residuos-Coproyma.jpg","contentUrl":"https:\/\/coproyma.com\/wp-content\/uploads\/2026\/09\/Reglamentacion-envases-y-residuos-Coproyma.jpg","width":1620,"height":1080,"caption":"Reforma del reglamento relativo a envases y residuos Coproyma"},{"@type":"BreadcrumbList","@id":"https:\/\/coproyma.com\/reforma-de-reglamento-relativo-a-envases\/#breadcrumb","itemListElement":[{"@type":"ListItem","position":1,"name":"Portada","item":"https:\/\/coproyma.com\/"},{"@type":"ListItem","position":2,"name":"C\u00f3mo adaptarse a la reforma del reglamento (UE) 2025\/40 relativo a los envases y residuos"}]},{"@type":"WebSite","@id":"https:\/\/coproyma.com\/#website","url":"https:\/\/coproyma.com\/","name":"Coproyma","description":"Consultor\u00eda, Proyectos y Medio Ambiente","publisher":{"@id":"https:\/\/coproyma.com\/#organization"},"potentialAction":[{"@type":"SearchAction","target":{"@type":"EntryPoint","urlTemplate":"https:\/\/coproyma.com\/?s={search_term_string}"},"query-input":{"@type":"PropertyValueSpecification","valueRequired":true,"valueName":"search_term_string"}}],"inLanguage":"en-US"},{"@type":"Organization","@id":"https:\/\/coproyma.com\/#organization","name":"Coproyma","url":"https:\/\/coproyma.com\/","logo":{"@type":"ImageObject","inLanguage":"en-US","@id":"https:\/\/coproyma.com\/#\/schema\/logo\/image\/","url":"https:\/\/coproyma.com\/wp-content\/uploads\/2023\/10\/Logo-coproyma-2018.png","contentUrl":"https:\/\/coproyma.com\/wp-content\/uploads\/2023\/10\/Logo-coproyma-2018.png","width":842,"height":595,"caption":"Coproyma"},"image":{"@id":"https:\/\/coproyma.com\/#\/schema\/logo\/image\/"},"sameAs":["https:\/\/www.facebook.com\/Coproyma","https:\/\/www.linkedin.com\/company\/coproyma\/","https:\/\/www.instagram.com\/coproyma\/"]},{"@type":"Person","@id":"https:\/\/coproyma.com\/#\/schema\/person\/05d9b7ff3d1b24a3d942b31821e20ba7","name":"Coproyma","image":{"@type":"ImageObject","inLanguage":"en-US","@id":"https:\/\/secure.gravatar.com\/avatar\/4b521f63a0581f146c2694c9244f85fc48367c29b2ec1404af68dd88b5fffae5?s=96&d=mm&r=g","url":"https:\/\/secure.gravatar.com\/avatar\/4b521f63a0581f146c2694c9244f85fc48367c29b2ec1404af68dd88b5fffae5?s=96&d=mm&r=g","contentUrl":"https:\/\/secure.gravatar.com\/avatar\/4b521f63a0581f146c2694c9244f85fc48367c29b2ec1404af68dd88b5fffae5?s=96&d=mm&r=g","caption":"Coproyma"},"url":"https:\/\/coproyma.com\/en\/author\/coproyma\/"}]}},"_links":{"self":[{"href":"https:\/\/coproyma.com\/en\/wp-json\/wp\/v2\/posts\/6329","targetHints":{"allow":["GET"]}}],"collection":[{"href":"https:\/\/coproyma.com\/en\/wp-json\/wp\/v2\/posts"}],"about":[{"href":"https:\/\/coproyma.com\/en\/wp-json\/wp\/v2\/types\/post"}],"author":[{"embeddable":true,"href":"https:\/\/coproyma.com\/en\/wp-json\/wp\/v2\/users\/2"}],"replies":[{"embeddable":true,"href":"https:\/\/coproyma.com\/en\/wp-json\/wp\/v2\/comments?post=6329"}],"version-history":[{"count":4,"href":"https:\/\/coproyma.com\/en\/wp-json\/wp\/v2\/posts\/6329\/revisions"}],"predecessor-version":[{"id":6334,"href":"https:\/\/coproyma.com\/en\/wp-json\/wp\/v2\/posts\/6329\/revisions\/6334"}],"wp:featuredmedia":[{"embeddable":true,"href":"https:\/\/coproyma.com\/en\/wp-json\/wp\/v2\/media\/6336"}],"wp:attachment":[{"href":"https:\/\/coproyma.com\/en\/wp-json\/wp\/v2\/media?parent=6329"}],"wp:term":[{"taxonomy":"category","embeddable":true,"href":"https:\/\/coproyma.com\/en\/wp-json\/wp\/v2\/categories?post=6329"},{"taxonomy":"post_tag","embeddable":true,"href":"https:\/\/coproyma.com\/en\/wp-json\/wp\/v2\/tags?post=6329"}],"curies":[{"name":"wp","href":"https:\/\/api.w.org\/{rel}","templated":true}]}}